{"id":143,"date":"2015-02-18T18:47:59","date_gmt":"2015-02-18T17:47:59","guid":{"rendered":"http:\/\/localhost\/kinderwijkraad2019\/?p=143"},"modified":"2015-09-11T11:22:19","modified_gmt":"2015-09-11T10:22:19","slug":"start-kinderwijkraad-heechterp-schieringen","status":"publish","type":"post","link":"https:\/\/kinderwijkraad.nl\/soesterkwartier\/start-kinderwijkraad-heechterp-schieringen\/","title":{"rendered":"Installatie Kinderwijkraad Soesterkwartier 2014-2015"},"content":{"rendered":"<p><a href=\"http:\/\/localhost\/kinderwijkraad2019\/wp-content\/uploads\/2015\/02\/P1110029-Small.jpg\"><img decoding=\"async\" loading=\"lazy\" class=\"alignright size-medium wp-image-252\" src=\"http:\/\/localhost\/kinderwijkraad2019\/wp-content\/uploads\/2015\/02\/P1110029-Small-225x300.jpg\" alt=\"P1110029 (Small)\" width=\"225\" height=\"300\" srcset=\"https:\/\/kinderwijkraad.nl\/soesterkwartier\/wp-content\/uploads\/2015\/02\/P1110029-Small-225x300.jpg 225w, https:\/\/kinderwijkraad.nl\/soesterkwartier\/wp-content\/uploads\/2015\/02\/P1110029-Small.jpg 360w\" sizes=\"(max-width: 225px) 100vw, 225px\" \/><\/a>Woensdag 18 februari is de kinderwijkraad van Amersfoort officieel ge\u00efnstalleerd in de gemeenschappelijke ruimte van basisschool de Kubus. Alle kinderen van de kinderwijkraad stelden zich \u00e9\u00e9n voor \u00e9\u00e9n voor en kregen een certificaat uitgereikt van Louis de la Comb\u00e9, fractievoorzitter van de PvdA van de gemeenteraad in Amersfoort.<\/p>\n<p>Lees <a href=\"http:\/\/www.soesterkwartier.info\/kinderwijkraad-2015-geinstalleerd\" target=\"_blank\">meer op de wijkwebsite<\/a><\/p>\n","protected":false},"excerpt":{"rendered":"<p>Woensdag 18 februari is de kinderwijkraad van Amersfoort officieel ge\u00efnstalleerd in de gemeenschappelijke ruimte van basisschool de Kubus. Alle kinderen van de kinderwijkraad stelden zich \u00e9\u00e9n voor \u00e9\u00e9n voor en kregen een certificaat uitgereikt van Louis de la Comb\u00e9, fractievoorzitter van de PvdA van de gemeenteraad in Amersfoort. Lees meer op de wijkwebsite<\/p>\n","protected":false},"author":1,"featured_media":481,"comment_status":"closed","ping_status":"open","sticky":false,"template":"","format":"standard","meta":[],"categories":[3],"tags":[],"_links":{"self":[{"href":"https:\/\/kinderwijkraad.nl\/soesterkwartier\/wp-json\/wp\/v2\/posts\/143"}],"collection":[{"href":"https:\/\/kinderwijkraad.nl\/soesterkwartier\/wp-json\/wp\/v2\/posts"}],"about":[{"href":"https:\/\/kinderwijkraad.nl\/soesterkwartier\/wp-json\/wp\/v2\/types\/post"}],"author":[{"embeddable":true,"href":"https:\/\/kinderwijkraad.nl\/soesterkwartier\/wp-json\/wp\/v2\/users\/1"}],"replies":[{"embeddable":true,"href":"https:\/\/kinderwijkraad.nl\/soesterkwartier\/wp-json\/wp\/v2\/comments?post=143"}],"version-history":[{"count":12,"href":"https:\/\/kinderwijkraad.nl\/soesterkwartier\/wp-json\/wp\/v2\/posts\/143\/revisions"}],"predecessor-version":[{"id":826,"href":"https:\/\/kinderwijkraad.nl\/soesterkwartier\/wp-json\/wp\/v2\/posts\/143\/revisions\/826"}],"wp:featuredmedia":[{"embeddable":true,"href":"https:\/\/kinderwijkraad.nl\/soesterkwartier\/wp-json\/wp\/v2\/media\/481"}],"wp:attachment":[{"href":"https:\/\/kinderwijkraad.nl\/soesterkwartier\/wp-json\/wp\/v2\/media?parent=143"}],"wp:term":[{"taxonomy":"category","embeddable":true,"href":"https:\/\/kinderwijkraad.nl\/soesterkwartier\/wp-json\/wp\/v2\/categories?post=143"},{"taxonomy":"post_tag","embeddable":true,"href":"https:\/\/kinderwijkraad.nl\/soesterkwartier\/wp-json\/wp\/v2\/tags?post=143"}],"curies":[{"name":"wp","href":"https:\/\/api.w.org\/{rel}","templated":true}]}}